{"id":12263,"__str__":"Vota\u00e7\u00e3o nominal - Vota\u00e7\u00e3o Nominal de 14/08/2025 por ","link_detail_backend":"/materia/documentoacessorio/12263","metadata":{},"nome":"Vota\u00e7\u00e3o Nominal","data":"2025-08-14","autor":"","ementa":"","indexacao":"","arquivo":"http://sapl.riogrande.rs.leg.br/media/sapl/public/documentoacessorio/2025/12263/englobados.pdf","data_ultima_atualizacao":"2025-08-14T13:47:35.612271-03:00","materia":29121,"tipo":13}