{"id":11621,"__str__":"Mo\u00e7\u00e3o n\u00ba 1 de 2022","link_detail_backend":"/materia/11621","metadata":{},"numero":1,"ano":2022,"numero_protocolo":546,"data_apresentacao":"2022-02-14","tipo_apresentacao":"","data_publicacao":null,"numero_origem_externa":"","ano_origem_externa":null,"data_origem_externa":null,"apelido":"","dias_prazo":null,"data_fim_prazo":null,"em_tramitacao":false,"polemica":false,"objeto":"","complementar":false,"ementa":"Requer que seja enviada MO\u00c7\u00c3O DE APELO ao Governador do Estado do Rio Grande do Sul, Chefe da Casa Civil, Secret\u00e1rio de Seguran\u00e7a P\u00fablica e comandante geral do corpo de Bombeiro Militar, a fim de solicitar que seja inclu\u00eddo um Polo Sul para realiza\u00e7\u00e3o das etapas de contrata\u00e7\u00e3o dos guarda-vidas civis tempor\u00e1rios, \u00e0 exemplo do que ocorreu at\u00e9 o ano de 2015.","indexacao":"","observacao":"","resultado":"","texto_original":"http://sapl.riogrande.rs.leg.br/media/sapl/public/materialegislativa/2022/11621/m1.pdf","data_ultima_atualizacao":"2023-01-26T08:47:59.871607-03:00","ip":"187.86.148.126","ultima_edicao":"2022-03-03T15:18:36.506275-03:00","tipo":6,"regime_tramitacao":1,"tipo_origem_externa":null,"local_origem_externa":null,"user":6,"anexadas":[],"autores":[4,19,13,60,55,44,39,56,54,17,16,59,11,53]}