{"id":13607,"__str__":"Requerimento n\u00ba 228 de 2020","link_detail_backend":"/materia/13607","metadata":{},"numero":228,"ano":2020,"numero_protocolo":2565,"data_apresentacao":"2020-01-02","tipo_apresentacao":"","data_publicacao":null,"numero_origem_externa":"","ano_origem_externa":null,"data_origem_externa":null,"apelido":"","dias_prazo":null,"data_fim_prazo":null,"em_tramitacao":false,"polemica":false,"objeto":"","complementar":false,"ementa":"O vereador abaixo assinado, ap\u00f3s, ouvida a Casa na forma regimental, seja realizada uma sess\u00e3o solene em comemora\u00e7\u00e3o ao dia Nacional do Conselheiro Tutelar, 18 de novembro.","indexacao":"","observacao":"","resultado":"","texto_original":"http://sapl.riogrande.rs.leg.br/media/sapl/public/materialegislativa/2020/13607/req.228.pdf","data_ultima_atualizacao":"2022-05-03T18:06:36.880349-03:00","ip":"187.86.148.126","ultima_edicao":"2022-05-03T18:05:36.190406-03:00","tipo":7,"regime_tramitacao":1,"tipo_origem_externa":null,"local_origem_externa":null,"user":35,"anexadas":[],"autores":[36]}