{"id":13883,"__str__":"Requerimento n\u00ba 7 de 2020","link_detail_backend":"/materia/13883","metadata":{},"numero":7,"ano":2020,"numero_protocolo":2847,"data_apresentacao":"2020-01-02","tipo_apresentacao":"","data_publicacao":null,"numero_origem_externa":"","ano_origem_externa":null,"data_origem_externa":null,"apelido":"","dias_prazo":null,"data_fim_prazo":null,"em_tramitacao":false,"polemica":false,"objeto":"","complementar":false,"ementa":"O Vereador abaixo assinado, ap\u00f3s ouvida a Casa, na forma regimental,requer que o Legislativo Municipal, realize AUDI\u00caNCIA P\u00daBLICA para debater a reforma administrativa e previdenci\u00e1ria do Estado do Rio Grande do Sul.","indexacao":"","observacao":"","resultado":"","texto_original":"http://sapl.riogrande.rs.leg.br/media/sapl/public/materialegislativa/2020/13883/7.pdf","data_ultima_atualizacao":"2022-05-12T16:52:46.357288-03:00","ip":"187.86.148.126","ultima_edicao":"2022-05-12T16:51:58.832091-03:00","tipo":7,"regime_tramitacao":1,"tipo_origem_externa":null,"local_origem_externa":null,"user":35,"anexadas":[],"autores":[16]}