{"id":17855,"__str__":"Mo\u00e7\u00e3o n\u00ba 25 de 2022","link_detail_backend":"/materia/17855","metadata":{},"numero":25,"ano":2022,"numero_protocolo":6920,"data_apresentacao":"2022-11-22","tipo_apresentacao":"","data_publicacao":null,"numero_origem_externa":"","ano_origem_externa":null,"data_origem_externa":null,"apelido":"","dias_prazo":null,"data_fim_prazo":null,"em_tramitacao":true,"polemica":false,"objeto":"","complementar":false,"ementa":"Mo\u00e7\u00e3o de Rep\u00fadio aos atos contr\u00e1rios ao Estado de Direito perpetrados por Alexandre de Moraes, Ministro do Supremo Tribunal Federal (STF) e Presidente do Tribunal Superior Eleitoral (TSE), em ofensa \u00e0 Constitui\u00e7\u00e3o da Rep\u00fablica Federativa do Brasil, a qual ele deveria defender, observar e guardar, pelos fatos e fundamentos que seguem.","indexacao":"","observacao":"","resultado":"","texto_original":"http://sapl.riogrande.rs.leg.br/media/sapl/public/materialegislativa/2022/17855/mocao25.pdf","data_ultima_atualizacao":"2022-11-23T14:10:02.500759-03:00","ip":"187.86.148.126","ultima_edicao":"2022-11-22T18:18:17.093190-03:00","tipo":6,"regime_tramitacao":1,"tipo_origem_externa":null,"local_origem_externa":null,"user":6,"anexadas":[],"autores":[13,58]}