{"id":192,"__str__":"Requerimento n\u00ba 299 de 2020","link_detail_backend":"/materia/192","metadata":{},"numero":299,"ano":2020,"numero_protocolo":243,"data_apresentacao":"2020-01-08","tipo_apresentacao":"","data_publicacao":null,"numero_origem_externa":"","ano_origem_externa":null,"data_origem_externa":null,"apelido":"","dias_prazo":null,"data_fim_prazo":null,"em_tramitacao":false,"polemica":false,"objeto":"","complementar":false,"ementa":"Apraz-nos cumpriment\u00e1-lo, na oportunidade em que vimos por meio deste, o vereador abaixo assinado, requer ap\u00f3s ouvida a casa na forma regimental, vem solicitar ao Prefeito Municipal, que atrav\u00e9s da Secretaria competente que seja implantada uma CRECHE COMUNIT\u00c1RIA, na 4\u00aa Sec\u00e7\u00e3o da Barra, neste munic\u00edpio.\r\nProponente: Jo\u00e3o da Barra","indexacao":"","observacao":"Of\u00edcio N\u00b0 0186\r\nArquivado na Pasta Requerimentos/2020.","resultado":"","texto_original":"http://sapl.riogrande.rs.leg.br/media/sapl/public/materialegislativa/2020/192/299.pdf","data_ultima_atualizacao":"2021-08-02T17:31:42.007310-03:00","ip":"187.86.129.180","ultima_edicao":"2020-11-25T13:39:21.812482-03:00","tipo":7,"regime_tramitacao":1,"tipo_origem_externa":null,"local_origem_externa":null,"user":35,"anexadas":[],"autores":[20]}