{"id":20287,"__str__":"Requerimento n\u00ba 265 de 2023","link_detail_backend":"/materia/20287","metadata":{},"numero":265,"ano":2023,"numero_protocolo":1542,"data_apresentacao":"2023-04-19","tipo_apresentacao":"","data_publicacao":null,"numero_origem_externa":"","ano_origem_externa":null,"data_origem_externa":null,"apelido":"","dias_prazo":null,"data_fim_prazo":null,"em_tramitacao":false,"polemica":false,"objeto":"","complementar":false,"ementa":"Requer que seja solicitado \u00e0 Secretaria Municipal de Mobilidade, Acessibilidade e Seguran\u00e7a, informa\u00e7\u00f5es sobre o n\u00famero di\u00e1rio de usu\u00e1rios do transporte coletivo durante o m\u00eas de mar\u00e7o de 2023 e outras informa\u00e7\u00f5es, em anexo.","indexacao":"","observacao":"","resultado":"","texto_original":"http://sapl.riogrande.rs.leg.br/media/sapl/public/materialegislativa/2023/20287/r265.pdf","data_ultima_atualizacao":"2023-04-25T16:45:34.771303-03:00","ip":"187.86.148.126","ultima_edicao":"2023-04-19T13:13:05.394176-03:00","tipo":7,"regime_tramitacao":1,"tipo_origem_externa":null,"local_origem_externa":null,"user":6,"anexadas":[20500],"autores":[60]}