{"id":24498,"__str__":"Substitutivo ao Projeto de Lei de Vereador n\u00ba 18 de 2024","link_detail_backend":"/materia/24498","metadata":{},"numero":18,"ano":2024,"numero_protocolo":698,"data_apresentacao":"2024-04-15","tipo_apresentacao":"E","data_publicacao":null,"numero_origem_externa":"","ano_origem_externa":null,"data_origem_externa":null,"apelido":"","dias_prazo":null,"data_fim_prazo":null,"em_tramitacao":false,"polemica":false,"objeto":"","complementar":false,"ementa":"Inclui no calend\u00e1rio de datas comemorativas e de conscientiza\u00e7\u00e3o do munic\u00edpio do Rio Grande, Lei 8.770/22, o \"Dia Municipal de Informa\u00e7\u00e3o e Conscientiza\u00e7\u00e3o Sobre Doen\u00e7as Raras\" e a \"Semana Municipal de Informa\u00e7\u00e3o e Conscientiza\u00e7\u00e3o Sobre Doen\u00e7as Raras\" e d\u00e1 outras provid\u00eancias.","indexacao":"","observacao":"","resultado":"","texto_original":"http://sapl.riogrande.rs.leg.br/media/sapl/public/materialegislativa/2024/24498/splv1.pdf","data_ultima_atualizacao":"2026-03-09T16:01:38.570872-03:00","ip":"187.86.148.126","ultima_edicao":"2024-06-18T18:07:43.607862-03:00","tipo":16,"regime_tramitacao":1,"tipo_origem_externa":null,"local_origem_externa":null,"user":3,"anexadas":[24117],"autores":[17]}