{"id":30433,"__str__":"Projeto de Lei de Vereador n\u00ba 11 de 2008","link_detail_backend":"/materia/30433","metadata":{},"numero":11,"ano":2008,"numero_protocolo":null,"data_apresentacao":"2008-02-01","tipo_apresentacao":"","data_publicacao":null,"numero_origem_externa":"","ano_origem_externa":null,"data_origem_externa":null,"apelido":"","dias_prazo":null,"data_fim_prazo":null,"em_tramitacao":false,"polemica":false,"objeto":"","complementar":false,"ementa":"DISP\u00d5E SOBRE A RESERVA DE COTAS AS PESSOAS PORTADORAS DE DEFICI\u00caNCIA PERMANENTE NAS FEIRAS DE ARTE E ARTESANATO NO MUNIC\u00cdPIO DE RIO GRANDE.\r\n\r\nPROPONENTE: VER. SURAMA SANTOS.","indexacao":"","observacao":"","resultado":"","texto_original":"http://sapl.riogrande.rs.leg.br/media/sapl/public/materialegislativa/2008/30433/11.pdf","data_ultima_atualizacao":"2025-01-15T10:54:19.362973-03:00","ip":"187.86.148.126","ultima_edicao":"2025-01-15T10:53:25.503132-03:00","tipo":2,"regime_tramitacao":1,"tipo_origem_externa":null,"local_origem_externa":null,"user":35,"anexadas":[],"autores":[116]}