{"id":33208,"__str__":"Resposta n\u00ba 80 de 2025","link_detail_backend":"/materia/33208","metadata":{},"numero":80,"ano":2025,"numero_protocolo":4178,"data_apresentacao":"2025-05-30","tipo_apresentacao":"E","data_publicacao":null,"numero_origem_externa":"","ano_origem_externa":null,"data_origem_externa":null,"apelido":"","dias_prazo":null,"data_fim_prazo":null,"em_tramitacao":false,"polemica":false,"objeto":"","complementar":false,"ementa":"Em aten\u00e7\u00e3o a Indica\u00e7\u00e3o  n\u00ba1398/25,  em atendimento \u00e0  proposi\u00e7\u00e3o do Vereador Jos\u00e9 Ant\u00f4nio da Silva- Repolhinho, solicitando aquisi\u00e7\u00e3o de um novo micro-\u00f4nibus para os pacientes em reabilita\u00e7\u00e3o,  vimos informar que a SMS, acolhe a indica\u00e7\u00e3o e, informa que esta em busca de capta\u00e7\u00e3o de recursos para a aquisi\u00e7\u00e3o de ve\u00edculos","indexacao":"","observacao":"","resultado":"","texto_original":"http://sapl.riogrande.rs.leg.br/media/sapl/public/materialegislativa/2025/33208/mensagem_116.pdf","data_ultima_atualizacao":"2025-06-09T14:10:25.235201-03:00","ip":"187.86.148.126","ultima_edicao":"2025-05-30T17:47:01.055240-03:00","tipo":19,"regime_tramitacao":1,"tipo_origem_externa":null,"local_origem_externa":null,"user":6,"anexadas":[],"autores":[35]}