{"id":37144,"__str__":"Indica\u00e7\u00e3o n\u00ba 1692 de 2025","link_detail_backend":"/materia/37144","metadata":{},"numero":1692,"ano":2025,"numero_protocolo":8187,"data_apresentacao":"2025-09-29","tipo_apresentacao":"","data_publicacao":null,"numero_origem_externa":"","ano_origem_externa":null,"data_origem_externa":null,"apelido":"","dias_prazo":null,"data_fim_prazo":null,"em_tramitacao":true,"polemica":false,"objeto":"","complementar":false,"ementa":"O vereador abaixo assinado, depois de ouvida a casa, na forma regimental, indica ao Executivo Municipal para que atrav\u00e9s da secretaria competente estude a possibilidade da:\r\n\r\nPrezados:\r\n\r\nVenho, por meio deste, solicitar a instala\u00e7\u00e3o de dois postes de ilumina\u00e7\u00e3o no Monte de Ora\u00e7\u00e3o localizado pr\u00f3ximo a r\u00f3tula que vai para os Molhes da Barra. Esse local \u00e9 frequentemente utilizado por membros da comunidade para momentos de F\u00e9, Medita\u00e7\u00e3o e Ora\u00e7\u00e3o, inclusive no per\u00edodo noturno.\r\nA instala\u00e7\u00e3o da ilumina\u00e7\u00e3o proporcionara mais seguran\u00e7a conforto e acessibilidade para aqueles que frequentam o local ap\u00f3s o anoitecer, permitindo que as atividades espirituais possam ser realizados com tranquilidade.","indexacao":"","observacao":"","resultado":"","texto_original":"http://sapl.riogrande.rs.leg.br/media/sapl/public/materialegislativa/2025/37144/i1692.pdf","data_ultima_atualizacao":"2025-10-15T16:24:12.169932-03:00","ip":"187.86.148.126","ultima_edicao":"2025-09-29T17:03:24.196356-03:00","tipo":10,"regime_tramitacao":1,"tipo_origem_externa":null,"local_origem_externa":null,"user":6,"anexadas":[],"autores":[61]}