{"id":38331,"__str__":"Requerimento n\u00ba 734 de 2025","link_detail_backend":"/materia/38331","metadata":{},"numero":734,"ano":2025,"numero_protocolo":9382,"data_apresentacao":"2025-11-26","tipo_apresentacao":"","data_publicacao":null,"numero_origem_externa":"","ano_origem_externa":null,"data_origem_externa":null,"apelido":"","dias_prazo":null,"data_fim_prazo":null,"em_tramitacao":false,"polemica":false,"objeto":"","complementar":false,"ementa":"OS vereadores que abaixo assinam requerem, ap\u00f3s ouvida a Casa na forma regimental, cria\u00e7\u00e3o de uma Comiss\u00e3o Especial para tratar sobre a Pol\u00edtica de implementa\u00e7\u00e3o da TARIFA ZERO no transporte coletivo municipal.","indexacao":"","observacao":"","resultado":"","texto_original":"http://sapl.riogrande.rs.leg.br/media/sapl/public/materialegislativa/2025/38331/r734.pdf","data_ultima_atualizacao":"2025-12-17T15:34:31.712464-03:00","ip":"187.86.148.126","ultima_edicao":"2025-11-26T14:42:25.707931-03:00","tipo":7,"regime_tramitacao":1,"tipo_origem_externa":null,"local_origem_externa":null,"user":6,"anexadas":[],"autores":[60,11]}