{"id":40462,"__str__":"Requerimento n\u00ba 391 de 2014","link_detail_backend":"/materia/40462","metadata":{},"numero":391,"ano":2014,"numero_protocolo":null,"data_apresentacao":"2014-06-03","tipo_apresentacao":"","data_publicacao":null,"numero_origem_externa":"","ano_origem_externa":null,"data_origem_externa":null,"apelido":"","dias_prazo":null,"data_fim_prazo":null,"em_tramitacao":false,"polemica":false,"objeto":"","complementar":false,"ementa":"REQUER A REALIZA\u00c7\u00c3O DE UMA AUDI\u00caNCIA P\u00daBLICA PARA TRATAR DAS RENOVA\u00c7\u00d5ES DAS CARTEIRAS DE MOTORISTA, QUE SEJAM CONVIDADAS AS AUTORIDADES LOCAIS, MINIST\u00c9RIO P\u00daBLICO, DIRETOR PRESIDENTE DO DAER E OS CENTROS DE FORMACAO DE CONDUTORES DE RIO GRANDE. SOLICITA TAMB\u00c9M A EQUIPE DA TV C\u00c2MARA PARA FAZER REPORTAGENS A RESPEITO DO ASSUNTO.\r\n\r\n\r\nPROPONENTE: VER. JOS\u00c9 CLAUDINO ALVES SARAIVA.","indexacao":"","observacao":"","resultado":"","texto_original":"http://sapl.riogrande.rs.leg.br/media/sapl/public/materialegislativa/2014/40462/391.pdf","data_ultima_atualizacao":"2026-02-24T17:36:55.197727-03:00","ip":"132.255.146.193","ultima_edicao":"2026-02-24T17:36:40.209666-03:00","tipo":7,"regime_tramitacao":1,"tipo_origem_externa":null,"local_origem_externa":null,"user":35,"anexadas":[],"autores":[116]}