{"id":4848,"__str__":"Indica\u00e7\u00e3o n\u00ba 1210 de 2021","link_detail_backend":"/materia/4848","metadata":{},"numero":1210,"ano":2021,"numero_protocolo":4404,"data_apresentacao":"2021-05-17","tipo_apresentacao":"","data_publicacao":null,"numero_origem_externa":"","ano_origem_externa":null,"data_origem_externa":null,"apelido":"","dias_prazo":null,"data_fim_prazo":null,"em_tramitacao":true,"polemica":false,"objeto":"","complementar":false,"ementa":"A vereadora abaixo assinado, ap\u00f3s ouvida a Casa na forma regimental, indica ao Executivo Municipal que realize estudos atrav\u00e9s da Secretaria Municipal competente, para seja feita a inclus\u00e3o do s\u00edmbolo mundial do Autismo nas placas de acesso preferencial do Transporte p\u00fablico do Munic\u00edpio do Rio Grande.","indexacao":"","observacao":"","resultado":"","texto_original":"http://sapl.riogrande.rs.leg.br/media/sapl/public/materialegislativa/2021/4848/autismo_transporte_publico.pdf","data_ultima_atualizacao":"2022-02-08T15:32:33.150729-03:00","ip":"","ultima_edicao":null,"tipo":10,"regime_tramitacao":1,"tipo_origem_externa":null,"local_origem_externa":null,"user":null,"anexadas":[],"autores":[52]}