{"id":5459,"__str__":"Requerimento n\u00ba 253 de 2019","link_detail_backend":"/materia/5459","metadata":{},"numero":253,"ano":2019,"numero_protocolo":null,"data_apresentacao":"2019-01-04","tipo_apresentacao":"","data_publicacao":null,"numero_origem_externa":"","ano_origem_externa":null,"data_origem_externa":null,"apelido":"","dias_prazo":null,"data_fim_prazo":null,"em_tramitacao":false,"polemica":false,"objeto":"","complementar":false,"ementa":"O Vereador abaixo assinado requer depois de ouvida a Casa, na forma regimental, seja encaminhado of\u00edcio ao Exmo. Sr. Presidente da Rep\u00fablica, Jair Bolsonaro, Sr. Presidente do Senado, ao Presidente da C\u00e2mara de Deputados e ao Exmo. Sra. Deputada Liziane Bayer, para que seja viabilizada a elabora\u00e7\u00e3o de um Projeto de Lei, modificando a faixa inicial de pagamento do Imposto de Renda, que atualmente \u00e9 de 1.903,99 at\u00e9 2.826,65, para que sejam isentos da tributa\u00e7\u00e3o os trabalhadores, aposentados e pensionistas que percebam at\u00e9 R$ 5.000,00. \r\nProponente: Jair Rizzo Ferreira","indexacao":"","observacao":"Arquivado na Pasta Requerimentos/2019","resultado":"","texto_original":"http://sapl.riogrande.rs.leg.br/media/sapl/public/materialegislativa/2019/5459/253.pdf","data_ultima_atualizacao":"2021-06-23T17:19:52.169626-03:00","ip":"187.86.148.114","ultima_edicao":"2021-06-23T17:19:31.243226-03:00","tipo":7,"regime_tramitacao":1,"tipo_origem_externa":null,"local_origem_externa":null,"user":35,"anexadas":[],"autores":[12]}