{"id":631,"__str__":"Requerimento n\u00ba 525 de 2020","link_detail_backend":"/materia/631","metadata":{},"numero":525,"ano":2020,"numero_protocolo":774,"data_apresentacao":"2020-03-11","tipo_apresentacao":"","data_publicacao":null,"numero_origem_externa":"","ano_origem_externa":null,"data_origem_externa":null,"apelido":"","dias_prazo":null,"data_fim_prazo":null,"em_tramitacao":false,"polemica":false,"objeto":"","complementar":false,"ementa":"Requer que o Executivo Municipal, atrav\u00e9s da Secretaria competente, proceda \u00e0 manuten\u00e7\u00e3o dos refletores externos da Unidade B\u00e1sica de Sa\u00fade da Fam\u00edlia Dr. Carlos Riet Vargas, situada no Bairro Cidade de \u00c1gueda.\r\nProponente: Andr\u00e9 Lemes","indexacao":"","observacao":"Of\u00edcio n\u00b0 0333\r\nArquivado na Pasta Requerimentos 2020","resultado":"","texto_original":"http://sapl.riogrande.rs.leg.br/media/sapl/public/materialegislativa/2020/631/525.pdf","data_ultima_atualizacao":"2021-08-05T16:07:25.297910-03:00","ip":"187.86.129.180","ultima_edicao":"2020-11-26T18:19:45.577781-03:00","tipo":7,"regime_tramitacao":1,"tipo_origem_externa":null,"local_origem_externa":null,"user":35,"anexadas":[],"autores":[40]}