{"id":6439,"__str__":"Requerimento n\u00ba 234 de 2020","link_detail_backend":"/materia/6439","metadata":{},"numero":234,"ano":2020,"numero_protocolo":null,"data_apresentacao":"2020-01-03","tipo_apresentacao":"","data_publicacao":null,"numero_origem_externa":"","ano_origem_externa":null,"data_origem_externa":null,"apelido":"","dias_prazo":null,"data_fim_prazo":null,"em_tramitacao":false,"polemica":false,"objeto":"","complementar":false,"ementa":"O Vereador, abaixo assinado, requer e Reitera o requerimento n\u00b0 369/2019 , ap\u00f3s ouvida a casa na forma regimental, que seja criada a comiss\u00e3o especial da crian\u00e7a e do adolescente no \u00e2mbito da C\u00e2mara Municipal do Rio Grande. \r\nProponente: Cl\u00e1udio Luis Silva de Lima","indexacao":"","observacao":"","resultado":"","texto_original":"http://sapl.riogrande.rs.leg.br/media/sapl/public/materialegislativa/2020/6439/234.pdf","data_ultima_atualizacao":"2021-08-02T16:18:17.795560-03:00","ip":"187.86.148.126","ultima_edicao":"2021-08-02T16:17:25.392104-03:00","tipo":7,"regime_tramitacao":1,"tipo_origem_externa":null,"local_origem_externa":null,"user":35,"anexadas":[],"autores":[5]}