{"id":6511,"__str__":"Requerimento n\u00ba 458 de 2020","link_detail_backend":"/materia/6511","metadata":{},"numero":458,"ano":2020,"numero_protocolo":null,"data_apresentacao":"2020-02-17","tipo_apresentacao":"","data_publicacao":null,"numero_origem_externa":"","ano_origem_externa":null,"data_origem_externa":null,"apelido":"","dias_prazo":null,"data_fim_prazo":null,"em_tramitacao":false,"polemica":false,"objeto":"","complementar":false,"ementa":"O Vereador abaixo assinado ,ap\u00f3s ouvida a Casa na forma regimental solicita que seja enviado of\u00edcio ao Diretor Presidente do Grupo C.E.e.E. ,solicita\u00e7\u00e3o de reabertura em tempo integral ,do Posto da C.E,E.E. ,da Vila da Quinta , neste Munic\u00edpio ,ou seja , de segunda a sexta-feira. \r\nProponente: Jos\u00e9 Ant\u00f4nio da Silva - Repolhinho","indexacao":"","observacao":"","resultado":"","texto_original":"http://sapl.riogrande.rs.leg.br/media/sapl/public/materialegislativa/2020/6511/458.pdf","data_ultima_atualizacao":"2021-08-04T14:35:08.983747-03:00","ip":"187.86.148.126","ultima_edicao":"2021-08-04T14:33:48.686386-03:00","tipo":7,"regime_tramitacao":1,"tipo_origem_externa":null,"local_origem_externa":null,"user":35,"anexadas":[],"autores":[15]}