{"id":898,"__str__":"Indica\u00e7\u00e3o n\u00ba 1194 de 2020","link_detail_backend":"/materia/898","metadata":{},"numero":1194,"ano":2020,"numero_protocolo":1091,"data_apresentacao":"2020-04-01","tipo_apresentacao":"E","data_publicacao":null,"numero_origem_externa":"","ano_origem_externa":null,"data_origem_externa":null,"apelido":"","dias_prazo":null,"data_fim_prazo":null,"em_tramitacao":false,"polemica":false,"objeto":"","complementar":false,"ementa":"O Vereador abaixo assinado, ap\u00f3s ouvida a Casa, na forma regimental, indica ao\r\nExecutivo Municipal que o transporte coletivo mantenha as suas linhas nos hor\u00e1rios\r\nnormais, e inclusive, aumente o n\u00famero de \u00f4nibus nos hor\u00e1rios de maior movimento, para\r\nque assim, seja evitada a aglomera\u00e7\u00e3o de pessoas nos \u00f4nibus.\r\nProponente: Julio Cesar Pereira da Silva","indexacao":"","observacao":"Of\u00edcio n\u00b0: 356/2020\r\nAprovado em: 01/04/2020\r\nDocumento Acess\u00f3rio - Resposta da Indica\u00e7\u00e3o\r\nArquivado na Pasta Indica\u00e7\u00f5es/2020","resultado":"","texto_original":"http://sapl.riogrande.rs.leg.br/media/sapl/public/materialegislativa/2020/898/1194.pdf","data_ultima_atualizacao":"2021-08-16T17:03:17.562682-03:00","ip":"187.86.148.126","ultima_edicao":"2021-05-28T18:42:07.046694-03:00","tipo":10,"regime_tramitacao":1,"tipo_origem_externa":null,"local_origem_externa":null,"user":35,"anexadas":[],"autores":[13]}