{"headers": {"id": "ID", "ano": "Ano", "numero": "N\u00famero", "tipo__sigla": "Tipo de Mat\u00e9ria Legislativa/Sigla", "tipo__descricao": "Tipo de Mat\u00e9ria Legislativa/Descri\u00e7\u00e3o", "autoria": "Autorias", "texto_original": "Texto Original", "ementa": "Ementa"}, "results": [{"id": "22237", "ano": "2011", "numero": "60", "tipo__sigla": "PLV", "tipo__descricao": "Projeto de Lei de Vereador", "autoria": "Vereador Augusto Cesar", "texto_original": "http://sapl.riogrande.rs.leg.br/media/sapl/public/materialegislativa/2011/22237/plv_60.pdf", "ementa": "DISPOE SOBRE A INCLUSAO DA SEMANA MUNICIPAL DA PESSOA COM\r\nDEFICIENCIA VISUAL, NO CALENDARIO DE EVENTOS DO MUNICIPIO."}]}